{"id":4746,"date":"2016-01-29T10:57:23","date_gmt":"2016-01-29T09:57:23","guid":{"rendered":"http:\/\/www.imelasavoie.fr\/?p=4746"},"modified":"2016-01-29T10:57:23","modified_gmt":"2016-01-29T09:57:23","slug":"stage-a-lesat-de-meximieux","status":"publish","type":"post","link":"https:\/\/www.imelasavoie.fr\/?p=4746","title":{"rendered":"Stage \u00e0 l&rsquo;ESAT de Meximieux"},"content":{"rendered":"<p>Dans 6 jours, je pars en stage \u00e0 Meximieux pour 4 semaines. Je vais tourner dans les diff\u00e9rents m\u00e9tiers. Je vais aller \u00e0 l\u2019ESAT de Meximieux. Je vais d\u00e9couvrir de nouveaux \u00a0m\u00e9tiers et je vais rencontrer d\u2019autres personnes. Je suis content d\u2019y aller.<\/p>\n<p>Je vais renter tous les soirs chez moi. Je vais prendre le \u00a0train tous les matins et tous les soirs.<\/p>\n<p>J\u2019ai d\u00e9j\u00e0 fait le trajet en train de la gare d\u2019Amb\u00e9rieu-en-Bugey jusqu\u2019\u00e0 Meximieux.<\/p>\n<p>Je vous raconterai mon stage que je reviendrai au mois de mars.<\/p>\n<p>Yannis<\/p>\n","protected":false},"excerpt":{"rendered":"<p>Dans 6 jours, je pars en stage \u00e0 Meximieux pour 4 semaines. Je vais tourner dans les diff\u00e9rents m\u00e9tiers. Je vais aller \u00e0 l\u2019ESAT de Meximieux. Je vais d\u00e9couvrir de nouveaux \u00a0m\u00e9tiers et je vais rencontrer d\u2019autres personnes. Je suis &hellip; <a href=\"https:\/\/www.imelasavoie.fr\/?p=4746\">Continuer la lecture <span class=\"meta-nav\">&rarr;<\/span><\/a><\/p>\n","protected":false},"author":13,"featured_media":0,"comment_status":"open","ping_status":"closed","sticky":false,"template":"","format":"standard","meta":{"footnotes":""},"categories":[48,59],"tags":[],"class_list":["post-4746","post","type-post","status-publish","format-standard","hentry","category-actualites","category-dinamo1"],"_links":{"self":[{"href":"https:\/\/www.imelasavoie.fr\/index.php?rest_route=\/wp\/v2\/posts\/4746","targetHints":{"allow":["GET"]}}],"collection":[{"href":"https:\/\/www.imelasavoie.fr\/index.php?rest_route=\/wp\/v2\/posts"}],"about":[{"href":"https:\/\/www.imelasavoie.fr\/index.php?rest_route=\/wp\/v2\/types\/post"}],"author":[{"embeddable":true,"href":"https:\/\/www.imelasavoie.fr\/index.php?rest_route=\/wp\/v2\/users\/13"}],"replies":[{"embeddable":true,"href":"https:\/\/www.imelasavoie.fr\/index.php?rest_route=%2Fwp%2Fv2%2Fcomments&post=4746"}],"version-history":[{"count":0,"href":"https:\/\/www.imelasavoie.fr\/index.php?rest_route=\/wp\/v2\/posts\/4746\/revisions"}],"wp:attachment":[{"href":"https:\/\/www.imelasavoie.fr\/index.php?rest_route=%2Fwp%2Fv2%2Fmedia&parent=4746"}],"wp:term":[{"taxonomy":"category","embeddable":true,"href":"https:\/\/www.imelasavoie.fr\/index.php?rest_route=%2Fwp%2Fv2%2Fcategories&post=4746"},{"taxonomy":"post_tag","embeddable":true,"href":"https:\/\/www.imelasavoie.fr\/index.php?rest_route=%2Fwp%2Fv2%2Ftags&post=4746"}],"curies":[{"name":"wp","href":"https:\/\/api.w.org\/{rel}","templated":true}]}}