{"id":4748,"date":"2016-01-29T10:57:59","date_gmt":"2016-01-29T09:57:59","guid":{"rendered":"http:\/\/www.imelasavoie.fr\/?p=4748"},"modified":"2016-01-29T10:57:59","modified_gmt":"2016-01-29T09:57:59","slug":"chantier-a-champdor","status":"publish","type":"post","link":"https:\/\/www.imelasavoie.fr\/?p=4748","title":{"rendered":"Chantier \u00e0 Champdor"},"content":{"rendered":"<p>En atelier espaces verts, on est sur un chantier \u00e0 Champdor chez une dame.<\/p>\n<p>Mardi 26 janvier on a coul\u00e9 une dalle en b\u00e9ton. Monsieur Rigaud a fait des \u00e9quipes de deux. Il y avait deux \u00e9quipes qui m\u00e9langeaient le b\u00e9ton, et le reste a mont\u00e9 le b\u00e9ton sur la dalle.<\/p>\n<p>La semaine prochaine, on remonte la cabane sur place.<\/p>\n<p>En atelier espaces verts on a mont\u00e9 une premi\u00e8re fois la cabane. On a coup\u00e9 des planches en bois, mesur\u00e9 et perc\u00e9 avec la perceuse. On va la d\u00e9mont\u00e9 pour l\u2019amener sur le chantier.<\/p>\n<p>&nbsp;<\/p>\n<p>Joris<\/p>\n","protected":false},"excerpt":{"rendered":"<p>En atelier espaces verts, on est sur un chantier \u00e0 Champdor chez une dame. Mardi 26 janvier on a coul\u00e9 une dalle en b\u00e9ton. Monsieur Rigaud a fait des \u00e9quipes de deux. Il y avait deux \u00e9quipes qui m\u00e9langeaient le &hellip; <a href=\"https:\/\/www.imelasavoie.fr\/?p=4748\">Continuer la lecture <span class=\"meta-nav\">&rarr;<\/span><\/a><\/p>\n","protected":false},"author":13,"featured_media":0,"comment_status":"open","ping_status":"closed","sticky":false,"template":"","format":"standard","meta":{"footnotes":""},"categories":[48,59],"tags":[],"class_list":["post-4748","post","type-post","status-publish","format-standard","hentry","category-actualites","category-dinamo1"],"_links":{"self":[{"href":"https:\/\/www.imelasavoie.fr\/index.php?rest_route=\/wp\/v2\/posts\/4748","targetHints":{"allow":["GET"]}}],"collection":[{"href":"https:\/\/www.imelasavoie.fr\/index.php?rest_route=\/wp\/v2\/posts"}],"about":[{"href":"https:\/\/www.imelasavoie.fr\/index.php?rest_route=\/wp\/v2\/types\/post"}],"author":[{"embeddable":true,"href":"https:\/\/www.imelasavoie.fr\/index.php?rest_route=\/wp\/v2\/users\/13"}],"replies":[{"embeddable":true,"href":"https:\/\/www.imelasavoie.fr\/index.php?rest_route=%2Fwp%2Fv2%2Fcomments&post=4748"}],"version-history":[{"count":0,"href":"https:\/\/www.imelasavoie.fr\/index.php?rest_route=\/wp\/v2\/posts\/4748\/revisions"}],"wp:attachment":[{"href":"https:\/\/www.imelasavoie.fr\/index.php?rest_route=%2Fwp%2Fv2%2Fmedia&parent=4748"}],"wp:term":[{"taxonomy":"category","embeddable":true,"href":"https:\/\/www.imelasavoie.fr\/index.php?rest_route=%2Fwp%2Fv2%2Fcategories&post=4748"},{"taxonomy":"post_tag","embeddable":true,"href":"https:\/\/www.imelasavoie.fr\/index.php?rest_route=%2Fwp%2Fv2%2Ftags&post=4748"}],"curies":[{"name":"wp","href":"https:\/\/api.w.org\/{rel}","templated":true}]}}