{"id":4755,"date":"2016-01-28T15:42:07","date_gmt":"2016-01-28T14:42:07","guid":{"rendered":"http:\/\/www.imelasavoie.fr\/?p=4755"},"modified":"2016-01-28T15:59:35","modified_gmt":"2016-01-28T14:59:35","slug":"bilan-cuisine-cecof","status":"publish","type":"post","link":"https:\/\/www.imelasavoie.fr\/?p=4755","title":{"rendered":"Bilan Cuisine CECOF"},"content":{"rendered":"<p align=\"CENTER\"><u><b>Bilan Cuisine CECOF<\/b><\/u><\/p>\n<p><u><b>Mardi 6 octobre<\/b><\/u><u>,\u00a0<\/u>: j\u2019ai d\u00e9couvert l\u2019atelier avec Mr Gabeure avec les CAP 1\u00e8re ann\u00e9e pour d\u00e9couvrir les ustensiles de cuisine, les fours et les pianos.<\/p>\n<p class=\"western\"><span style=\"font-size: medium;\"><span style=\"font-size: large;\"><u><b>Le 22 septembre<\/b><\/u><\/span><span style=\"font-size: large;\">\u00a0: J\u2019ai r\u00e9alis\u00e9 un carr\u00e9e de porc <\/span><\/span><\/p>\n<p class=\"western\"><span style=\"font-size: medium;\"><span style=\"font-size: large;\"><u><b>Le 10 novembre<\/b><\/u><\/span><span style=\"font-size: large;\"><u>\u00a0<\/u><\/span><span style=\"font-size: large;\">: j\u2019ai r\u00e9alis\u00e9 un Potage Saint Germain aux cro\u00fbtons accompagn\u00e9 du Magret de canard saut\u00e9 \u00e0 l\u2019orange avec gratin dauphinois. Enfin accompagn\u00e9 des choux Chantilly<\/span>.<\/span><\/p>\n<div id=\"attachment_4756\" style=\"width: 150px\" class=\"wp-caption alignnone\"><a href=\"https:\/\/www.imelasavoie.fr\/wp-content\/uploads\/2016\/01\/1-1.png\" rel=\"attachment wp-att-4756\"><img loading=\"lazy\" decoding=\"async\" aria-describedby=\"caption-attachment-4756\" class=\"wp-image-4756\" src=\"https:\/\/www.imelasavoie.fr\/wp-content\/uploads\/2016\/01\/1-1-300x167.png\" alt=\"1\" width=\"140\" height=\"78\" srcset=\"https:\/\/www.imelasavoie.fr\/wp-content\/uploads\/2016\/01\/1-1-300x167.png 300w, https:\/\/www.imelasavoie.fr\/wp-content\/uploads\/2016\/01\/1-1-768x428.png 768w, https:\/\/www.imelasavoie.fr\/wp-content\/uploads\/2016\/01\/1-1.png 1004w\" sizes=\"auto, (max-width: 140px) 100vw, 140px\" \/><\/a><p id=\"caption-attachment-4756\" class=\"wp-caption-text\">Potage Saint Germain<\/p><\/div>\n<div id=\"attachment_4757\" style=\"width: 132px\" class=\"wp-caption alignnone\"><a href=\"https:\/\/www.imelasavoie.fr\/wp-content\/uploads\/2016\/01\/2-1.png\" rel=\"attachment wp-att-4757\"><img loading=\"lazy\" decoding=\"async\" aria-describedby=\"caption-attachment-4757\" class=\"wp-image-4757\" src=\"https:\/\/www.imelasavoie.fr\/wp-content\/uploads\/2016\/01\/2-1-300x197.png\" alt=\"2\" width=\"122\" height=\"80\" srcset=\"https:\/\/www.imelasavoie.fr\/wp-content\/uploads\/2016\/01\/2-1-300x197.png 300w, https:\/\/www.imelasavoie.fr\/wp-content\/uploads\/2016\/01\/2-1-768x504.png 768w, https:\/\/www.imelasavoie.fr\/wp-content\/uploads\/2016\/01\/2-1.png 1012w\" sizes=\"auto, (max-width: 122px) 100vw, 122px\" \/><\/a><p id=\"caption-attachment-4757\" class=\"wp-caption-text\">Magret de Canard<\/p><\/div>\n<div id=\"attachment_4758\" style=\"width: 149px\" class=\"wp-caption alignnone\"><a href=\"https:\/\/www.imelasavoie.fr\/wp-content\/uploads\/2016\/01\/3.png\" rel=\"attachment wp-att-4758\"><img loading=\"lazy\" decoding=\"async\" aria-describedby=\"caption-attachment-4758\" class=\"wp-image-4758\" src=\"https:\/\/www.imelasavoie.fr\/wp-content\/uploads\/2016\/01\/3-300x186.png\" alt=\"3\" width=\"139\" height=\"86\" srcset=\"https:\/\/www.imelasavoie.fr\/wp-content\/uploads\/2016\/01\/3-300x186.png 300w, https:\/\/www.imelasavoie.fr\/wp-content\/uploads\/2016\/01\/3-768x477.png 768w, https:\/\/www.imelasavoie.fr\/wp-content\/uploads\/2016\/01\/3.png 960w\" sizes=\"auto, (max-width: 139px) 100vw, 139px\" \/><\/a><p id=\"caption-attachment-4758\" class=\"wp-caption-text\">Choux Chantilly<\/p><\/div>\n<p class=\"western\"><span style=\"font-size: large;\"><span style=\"font-size: large;\"><u><b>Le 8 d\u00e9cembre<\/b><\/u><\/span><span style=\"font-size: large;\">\u00a0:Potage cultivateur accompagn\u00e9 <\/span>de c\u00f4te de b\u0153uf grill\u00e9e sauce bordelaise.<\/span><\/p>\n<p class=\"western\"><span style=\"font-size: large;\">Pommes croquettes et tarte \u00e0 l\u2019Alsacienne.<\/span><\/p>\n<div id=\"attachment_4759\" style=\"width: 141px\" class=\"wp-caption alignnone\"><a href=\"https:\/\/www.imelasavoie.fr\/wp-content\/uploads\/2016\/01\/4-1.png\" rel=\"attachment wp-att-4759\"><img loading=\"lazy\" decoding=\"async\" aria-describedby=\"caption-attachment-4759\" class=\"wp-image-4759\" src=\"https:\/\/www.imelasavoie.fr\/wp-content\/uploads\/2016\/01\/4-1-300x189.png\" alt=\"4\" width=\"131\" height=\"83\" srcset=\"https:\/\/www.imelasavoie.fr\/wp-content\/uploads\/2016\/01\/4-1-300x189.png 300w, https:\/\/www.imelasavoie.fr\/wp-content\/uploads\/2016\/01\/4-1-768x484.png 768w, https:\/\/www.imelasavoie.fr\/wp-content\/uploads\/2016\/01\/4-1.png 996w\" sizes=\"auto, (max-width: 131px) 100vw, 131px\" \/><\/a><p id=\"caption-attachment-4759\" class=\"wp-caption-text\">Potage Cultivateur<\/p><\/div>\n<div id=\"attachment_4760\" style=\"width: 147px\" class=\"wp-caption alignnone\"><a href=\"https:\/\/www.imelasavoie.fr\/wp-content\/uploads\/2016\/01\/5.png\" rel=\"attachment wp-att-4760\"><img loading=\"lazy\" decoding=\"async\" aria-describedby=\"caption-attachment-4760\" class=\"wp-image-4760\" src=\"https:\/\/www.imelasavoie.fr\/wp-content\/uploads\/2016\/01\/5-300x165.png\" alt=\"5\" width=\"137\" height=\"75\" srcset=\"https:\/\/www.imelasavoie.fr\/wp-content\/uploads\/2016\/01\/5-300x165.png 300w, https:\/\/www.imelasavoie.fr\/wp-content\/uploads\/2016\/01\/5-768x421.png 768w, https:\/\/www.imelasavoie.fr\/wp-content\/uploads\/2016\/01\/5.png 984w\" sizes=\"auto, (max-width: 137px) 100vw, 137px\" \/><\/a><p id=\"caption-attachment-4760\" class=\"wp-caption-text\">Cote de B\u0153uf Grill\u00e9e<\/p><\/div>\n<div id=\"attachment_4761\" style=\"width: 148px\" class=\"wp-caption alignnone\"><a href=\"https:\/\/www.imelasavoie.fr\/wp-content\/uploads\/2016\/01\/6.png\" rel=\"attachment wp-att-4761\"><img loading=\"lazy\" decoding=\"async\" aria-describedby=\"caption-attachment-4761\" class=\"wp-image-4761\" src=\"https:\/\/www.imelasavoie.fr\/wp-content\/uploads\/2016\/01\/6-300x205.png\" alt=\"6\" width=\"138\" height=\"94\" srcset=\"https:\/\/www.imelasavoie.fr\/wp-content\/uploads\/2016\/01\/6-300x205.png 300w, https:\/\/www.imelasavoie.fr\/wp-content\/uploads\/2016\/01\/6-768x525.png 768w, https:\/\/www.imelasavoie.fr\/wp-content\/uploads\/2016\/01\/6.png 988w\" sizes=\"auto, (max-width: 138px) 100vw, 138px\" \/><\/a><p id=\"caption-attachment-4761\" class=\"wp-caption-text\">Tarte \u00e0 l&rsquo;Alsacienne<\/p><\/div>\n<p class=\"western\"><u><b>Le 12 janvier<\/b><\/u><u>\u00a0:<\/u> Nous avons travaill\u00e9 en brigade et j\u2019ai r\u00e9alis\u00e9 une tarte en bande aux poires.<\/p>\n<div id=\"attachment_4762\" style=\"width: 128px\" class=\"wp-caption alignnone\"><a href=\"https:\/\/www.imelasavoie.fr\/wp-content\/uploads\/2016\/01\/7.png\" rel=\"attachment wp-att-4762\"><img loading=\"lazy\" decoding=\"async\" aria-describedby=\"caption-attachment-4762\" class=\"wp-image-4762 \" src=\"https:\/\/www.imelasavoie.fr\/wp-content\/uploads\/2016\/01\/7-300x163.png\" alt=\"7\" width=\"118\" height=\"64\" srcset=\"https:\/\/www.imelasavoie.fr\/wp-content\/uploads\/2016\/01\/7-300x163.png 300w, https:\/\/www.imelasavoie.fr\/wp-content\/uploads\/2016\/01\/7-768x416.png 768w, https:\/\/www.imelasavoie.fr\/wp-content\/uploads\/2016\/01\/7.png 960w\" sizes=\"auto, (max-width: 118px) 100vw, 118px\" \/><\/a><p id=\"caption-attachment-4762\" class=\"wp-caption-text\">Tarte en Bande<\/p><\/div>\n<p class=\"western\"><span style=\"font-size: medium;\"><span style=\"font-size: large;\"><u><b>En atelier cuisine<\/b><\/u><\/span><span style=\"font-size: large;\"><u>\u00a0<\/u><\/span><span style=\"font-size: large;\">: j\u2019ai bien aim\u00e9 les jeunes car ils \u00e9taient gentils avec moi.<\/span><\/span><\/p>\n<p class=\"western\"><span style=\"font-size: medium;\"><span style=\"font-size: large;\">D\u00e8s mon arriv\u00e9e en cuisine, un des jeunes m\u2019a propos\u00e9 de pr\u00e9parer la tuile aux amandes. <\/span><\/span><\/p>\n<p class=\"western\"><span style=\"font-size: large;\">Ce que j\u2019ai aim\u00e9 en cuisine, c\u2019est d\u2019aider \u00e0 faire la plonge et go\u00fbter mes plats.<\/span><\/p>\n<p class=\"western\"><span style=\"font-size: large;\">Ce que je n\u2019ai pas aim\u00e9, c\u2019est de travailler rapidement.<\/span><\/p>\n<p class=\"western\">D\u00e8s le d\u00e9but de la s\u00e9ance, j\u2019\u00e9tais un peu en retrait et timide. Ensuite j\u2019ai pris l\u2019habitude avec les jeunes.<\/p>\n<p class=\"western\" align=\"RIGHT\">Mikail Turna<\/p>\n","protected":false},"excerpt":{"rendered":"<p>Bilan Cuisine CECOF Mardi 6 octobre,\u00a0: j\u2019ai d\u00e9couvert l\u2019atelier avec Mr Gabeure avec les CAP 1\u00e8re ann\u00e9e pour d\u00e9couvrir les ustensiles de cuisine, les fours et les pianos. Le 22 septembre\u00a0: J\u2019ai r\u00e9alis\u00e9 un carr\u00e9e de porc Le 10 novembre\u00a0: &hellip; <a href=\"https:\/\/www.imelasavoie.fr\/?p=4755\">Continuer la lecture <span class=\"meta-nav\">&rarr;<\/span><\/a><\/p>\n","protected":false},"author":10,"featured_media":0,"comment_status":"open","ping_status":"closed","sticky":false,"template":"","format":"standard","meta":{"footnotes":""},"categories":[48,60],"tags":[],"class_list":["post-4755","post","type-post","status-publish","format-standard","hentry","category-actualites","category-cecof"],"_links":{"self":[{"href":"https:\/\/www.imelasavoie.fr\/index.php?rest_route=\/wp\/v2\/posts\/4755","targetHints":{"allow":["GET"]}}],"collection":[{"href":"https:\/\/www.imelasavoie.fr\/index.php?rest_route=\/wp\/v2\/posts"}],"about":[{"href":"https:\/\/www.imelasavoie.fr\/index.php?rest_route=\/wp\/v2\/types\/post"}],"author":[{"embeddable":true,"href":"https:\/\/www.imelasavoie.fr\/index.php?rest_route=\/wp\/v2\/users\/10"}],"replies":[{"embeddable":true,"href":"https:\/\/www.imelasavoie.fr\/index.php?rest_route=%2Fwp%2Fv2%2Fcomments&post=4755"}],"version-history":[{"count":0,"href":"https:\/\/www.imelasavoie.fr\/index.php?rest_route=\/wp\/v2\/posts\/4755\/revisions"}],"wp:attachment":[{"href":"https:\/\/www.imelasavoie.fr\/index.php?rest_route=%2Fwp%2Fv2%2Fmedia&parent=4755"}],"wp:term":[{"taxonomy":"category","embeddable":true,"href":"https:\/\/www.imelasavoie.fr\/index.php?rest_route=%2Fwp%2Fv2%2Fcategories&post=4755"},{"taxonomy":"post_tag","embeddable":true,"href":"https:\/\/www.imelasavoie.fr\/index.php?rest_route=%2Fwp%2Fv2%2Ftags&post=4755"}],"curies":[{"name":"wp","href":"https:\/\/api.w.org\/{rel}","templated":true}]}}