{"id":4773,"date":"2016-01-28T16:21:36","date_gmt":"2016-01-28T15:21:36","guid":{"rendered":"http:\/\/www.imelasavoie.fr\/?p=4773"},"modified":"2016-02-03T12:02:37","modified_gmt":"2016-02-03T11:02:37","slug":"le-couscous-a-appartement-par-thomas","status":"publish","type":"post","link":"https:\/\/www.imelasavoie.fr\/?p=4773","title":{"rendered":"Le couscous \u00e0 l&rsquo;appartement par Thomas"},"content":{"rendered":"<p style=\"text-align: justify;\">Mardi 26 janvier \u00e0 l\u2019appartement, j\u2019ai r\u00e9alis\u00e9 un couscous.<\/p>\n<p style=\"text-align: justify;\">J\u2019ai fait un couscous avec mon \u00e9ducateur, Gr\u00e9goire. Pour le r\u00e9aliser, j\u2019ai pris la semoule et j\u2019ai dos\u00e9 l\u2019eau avec un verre doseur. J\u2019ai mis le tout dans un saladier et j\u2019ai laiss\u00e9 reposer pendant 5 minutes.<\/p>\n<p style=\"text-align: justify;\">Apr\u00e8s, j\u2019ai ouvert le bocal de l\u00e9gumes et je l\u2019ai vers\u00e9 dans une casserole. J\u2019ai fait cuire les l\u00e9gumes. On a rajout\u00e9 ensuite des l\u00e9gumes car il n\u2019y en avait pas assez. On a assaisonn\u00e9 les l\u00e9gumes avec du sel pour leur donner du go\u00fbt. Ensuite, on a v\u00e9rifi\u00e9 la semoule pour voir si elle avait pris forme. Puis, on s\u2019est mis \u00e0 table.<\/p>\n<p style=\"text-align: justify;\"><span style=\"text-decoration: underline;\"><strong>Thomas\u00a0: \u00ab\u00a0J\u2019\u00e9tais content de moi parce que c\u2019\u00e9tait bien de faire un repas pour tout le monde.\u00a0\u00bb<\/strong><\/span><\/p>\n<p style=\"text-align: justify;\"><span style=\"text-decoration: underline;\"><strong>Guillaume\u00a0: \u00ab\u00a0Le couscous de Thomas \u00e9tait meilleur que celui de G\u00e9rard car il \u00e9tait moins \u00e9pic\u00e9. Il \u00e9tait super bon. On s\u2019est r\u00e9gal\u00e9.\u00a0\u00bb<\/strong><\/span><\/p>\n<p style=\"text-align: justify;\"><span style=\"text-decoration: underline;\"><strong>Corentin\u00a0: \u00ab\u00a0Le couscous \u00e9tait bon. J\u2019adore quand c\u2019est \u00e9pic\u00e9. Il manquait un peu d\u2019\u00e9pices.\u00a0\u00bb<\/strong><\/span><\/p>\n<p style=\"text-align: center;\">Thomas<\/p>\n","protected":false},"excerpt":{"rendered":"<p>Mardi 26 janvier \u00e0 l\u2019appartement, j\u2019ai r\u00e9alis\u00e9 un couscous. J\u2019ai fait un couscous avec mon \u00e9ducateur, Gr\u00e9goire. Pour le r\u00e9aliser, j\u2019ai pris la semoule et j\u2019ai dos\u00e9 l\u2019eau avec un verre doseur. J\u2019ai mis le tout dans un saladier et &hellip; <a href=\"https:\/\/www.imelasavoie.fr\/?p=4773\">Continuer la lecture <span class=\"meta-nav\">&rarr;<\/span><\/a><\/p>\n","protected":false},"author":1,"featured_media":0,"comment_status":"open","ping_status":"closed","sticky":false,"template":"","format":"standard","meta":{"footnotes":""},"categories":[48,61,56],"tags":[],"class_list":["post-4773","post","type-post","status-publish","format-standard","hentry","category-actualites","category-dinamo2","category-les-classes-et-ateliers"],"_links":{"self":[{"href":"https:\/\/www.imelasavoie.fr\/index.php?rest_route=\/wp\/v2\/posts\/4773","targetHints":{"allow":["GET"]}}],"collection":[{"href":"https:\/\/www.imelasavoie.fr\/index.php?rest_route=\/wp\/v2\/posts"}],"about":[{"href":"https:\/\/www.imelasavoie.fr\/index.php?rest_route=\/wp\/v2\/types\/post"}],"author":[{"embeddable":true,"href":"https:\/\/www.imelasavoie.fr\/index.php?rest_route=\/wp\/v2\/users\/1"}],"replies":[{"embeddable":true,"href":"https:\/\/www.imelasavoie.fr\/index.php?rest_route=%2Fwp%2Fv2%2Fcomments&post=4773"}],"version-history":[{"count":0,"href":"https:\/\/www.imelasavoie.fr\/index.php?rest_route=\/wp\/v2\/posts\/4773\/revisions"}],"wp:attachment":[{"href":"https:\/\/www.imelasavoie.fr\/index.php?rest_route=%2Fwp%2Fv2%2Fmedia&parent=4773"}],"wp:term":[{"taxonomy":"category","embeddable":true,"href":"https:\/\/www.imelasavoie.fr\/index.php?rest_route=%2Fwp%2Fv2%2Fcategories&post=4773"},{"taxonomy":"post_tag","embeddable":true,"href":"https:\/\/www.imelasavoie.fr\/index.php?rest_route=%2Fwp%2Fv2%2Ftags&post=4773"}],"curies":[{"name":"wp","href":"https:\/\/api.w.org\/{rel}","templated":true}]}}