{"id":4786,"date":"2016-01-29T11:37:22","date_gmt":"2016-01-29T10:37:22","guid":{"rendered":"http:\/\/www.imelasavoie.fr\/?p=4786"},"modified":"2016-01-29T11:38:42","modified_gmt":"2016-01-29T10:38:42","slug":"le-film-mortal-instruments","status":"publish","type":"post","link":"https:\/\/www.imelasavoie.fr\/?p=4786","title":{"rendered":"le film mortal instruments"},"content":{"rendered":"<p><em>Avec Lily Collins (Clary), Jamie Campbell Bower (Jace), Kevin Zegers (Alec), Jemima West (Isabelle), Robert Sheehan (Simon), Robert Maillet (Blackwell), Kevin Durand (Pangborn), Godfrey Gao (Magnus Bane), Lena Headey (Jocelyn), Harry Van Gorkum (Alaric), CCH Pounder (Dorothea), Jared Harris (Hodge), Jonathan Rhys Meyers (Valentine), Aidan Turner (Luke), Stephen R. Hart (Brother Jeremiah), \u2026<\/em><\/p>\n<p><em>New York, de nos jours. Au cours d\u2019une soir\u00e9e, Clary, 15 ans, est t\u00e9moin d\u2019un meurtre. Elle est terrifi\u00e9e lorsque le corps de la victime dispara\u00eet myst\u00e9rieusement devant ses yeux&#8230; Elle d\u00e9couvre alors l\u2019existence d\u2019une guerre invisible entre des forces d\u00e9moniaques et la soci\u00e9t\u00e9 secr\u00e8te des Chasseurs d\u2019Ombres. Le myst\u00e9rieux Jace est l\u2019un d\u2019entre eux. \u00c0 ses c\u00f4t\u00e9s, Clary va jouer dans cette aventure un r\u00f4le qu\u2019elle n\u2019aurait jamais imagin\u00e9.<\/em><\/p>\n<p>J&rsquo;aime bien ce film car c&rsquo;est un film fantastique.<\/p>\n<div style=\"width: 209px\" class=\"wp-caption alignnone\"><img loading=\"lazy\" decoding=\"async\" id=\"il_fi\" src=\"http:\/\/vignette2.wikia.nocookie.net\/marvelcomicsfanon\/images\/4\/45\/Lily-collins-photos-12.jpg\/revision\/latest?cb=20150706163805\" alt=\"Afficher l'image d'origine\" width=\"199\" height=\"300\" \/><p class=\"wp-caption-text\">lily collins<\/p><\/div>\n<div style=\"width: 216px\" class=\"wp-caption alignnone\"><img loading=\"lazy\" decoding=\"async\" id=\"il_fi\" src=\"https:\/\/s-media-cache-ak0.pinimg.com\/236x\/5a\/ec\/9a\/5aec9a7fca4a5a1d9b002c5aad6c5b13.jpg\" alt=\"Afficher l'image d'origine\" width=\"206\" height=\"292\" \/><p class=\"wp-caption-text\">jamie campbell bower<\/p><\/div>\n<div style=\"width: 342px\" class=\"wp-caption alignnone\"><img loading=\"lazy\" decoding=\"async\" id=\"il_fi\" src=\"http:\/\/www.redcarpetnewstv.com\/wp-content\/uploads\/2013\/08\/robert-sheehan-interview.jpg\" alt=\"Afficher l'image d'origine\" width=\"332\" height=\"208\" \/><p class=\"wp-caption-text\">robert sheehan<\/p><\/div>\n<div style=\"width: 235px\" class=\"wp-caption alignnone\"><img loading=\"lazy\" decoding=\"async\" id=\"il_fi\" src=\"http:\/\/www.thefashionisto.com\/wp-content\/uploads\/2013\/09\/kevin-zegers-fashionisto.jpg\" alt=\"Afficher l'image d'origine\" width=\"225\" height=\"338\" \/><p class=\"wp-caption-text\">kevin zegers<\/p><\/div>\n<div style=\"width: 318px\" class=\"wp-caption alignnone\"><img loading=\"lazy\" decoding=\"async\" id=\"il_fi\" src=\"http:\/\/static2.hypable.com\/wp-content\/uploads\/2013\/02\/jemima-west-the-mortal-instruments-city-of-bones-474x316.jpg\" alt=\"Afficher l'image d'origine\" width=\"308\" height=\"206\" \/><p class=\"wp-caption-text\">jemima west<\/p><\/div>\n<div style=\"width: 274px\" class=\"wp-caption alignnone\"><img loading=\"lazy\" decoding=\"async\" id=\"il_fi\" src=\"https:\/\/citelighter-cards.s3.amazonaws.com\/p1732ft3m7v5m16k2l0d1k21154v0_1782.jpg\" alt=\"Afficher l'image d'origine\" width=\"264\" height=\"335\" \/><p class=\"wp-caption-text\">jonathan rhys meyers<\/p><\/div>\n<div style=\"width: 210px\" class=\"wp-caption alignnone\"><img loading=\"lazy\" decoding=\"async\" src=\"http:\/\/fr.web.img2.acsta.net\/cx_160_213\/b_1_d6d6d6\/pictures\/14\/06\/05\/16\/10\/161355.jpg\" alt=\"Lena Headey\" width=\"200\" height=\"266\" \/><p class=\"wp-caption-text\">Lena Headey<\/p><\/div>\n<div style=\"width: 230px\" class=\"wp-caption alignnone\"><img loading=\"lazy\" decoding=\"async\" src=\"http:\/\/fr.web.img5.acsta.net\/cx_160_213\/b_1_d6d6d6\/pictures\/14\/11\/19\/12\/33\/524014.jpg\" alt=\"Kevin Durand\" width=\"220\" height=\"293\" \/><p class=\"wp-caption-text\">Kevin Durand<\/p><\/div>\n<div style=\"width: 240px\" class=\"wp-caption alignnone\"><img loading=\"lazy\" decoding=\"async\" src=\"http:\/\/fr.web.img3.acsta.net\/cx_160_213\/b_1_d6d6d6\/pictures\/14\/10\/20\/15\/44\/238689.jpg\" alt=\"Aidan Turner\" width=\"230\" height=\"306\" \/><p class=\"wp-caption-text\">Aidan Turner<\/p><\/div>\n<div style=\"width: 222px\" class=\"wp-caption alignnone\"><img loading=\"lazy\" decoding=\"async\" src=\"http:\/\/fr.web.img3.acsta.net\/cx_160_213\/b_1_d6d6d6\/pictures\/15\/02\/16\/15\/03\/272089.jpg\" alt=\"Jemima West\" width=\"212\" height=\"282\" \/><p class=\"wp-caption-text\">Jemima West<\/p><\/div>\n<p>des photos du film:<\/p>\n<div id=\"attachment_289519\" style=\"width: 510px\" class=\"wp-caption aligncenter\"><img loading=\"lazy\" decoding=\"async\" aria-describedby=\"caption-attachment-289519\" class=\" crop 700 wp-image-289519\" src=\"http:\/\/i1.wp.com\/bitcast-a-sm.bitgravity.com\/slashfilm\/wp\/wp-content\/images\/The-Mortal-Instruments-700x300.jpg?resize=700%2C300\" alt=\"Lily Collins;Jamie Campbell Bower;Kevin Zegers\" width=\"500\" height=\"214\" \/><p id=\"caption-attachment-289519\" class=\"wp-caption-text\">film<\/p><\/div>\n<div style=\"width: 404px\" class=\"wp-caption alignnone\"><img loading=\"lazy\" decoding=\"async\" id=\"il_fi\" src=\"http:\/\/www.scifinow.co.uk\/wp-content\/uploads\/2013\/04\/The-Mortal-instruments-prequel.jpg\" alt=\"Afficher l'image d'origine\" width=\"394\" height=\"275\" \/><p class=\"wp-caption-text\">le film<\/p><\/div>\n<div style=\"width: 445px\" class=\"wp-caption alignnone\"><img loading=\"lazy\" decoding=\"async\" id=\"il_fi\" src=\"http:\/\/fr.web.img2.acsta.net\/newsv7\/15\/04\/01\/11\/42\/036306.jpg\" alt=\"Afficher l'image d'origine\" width=\"435\" height=\"174\" \/><p class=\"wp-caption-text\">le film<\/p><\/div>\n<div style=\"width: 371px\" class=\"wp-caption alignnone\"><img loading=\"lazy\" decoding=\"async\" id=\"il_fi\" src=\"http:\/\/fr.web.img2.acsta.net\/r_640_600\/b_1_d6d6d6\/pictures\/210\/143\/21014366_20130621123217851.jpg\" alt=\"Afficher l'image d'origine\" width=\"361\" height=\"241\" \/><p class=\"wp-caption-text\">le film<\/p><\/div>\n<p>un petite bonde annonce du film:<\/p>\n<p>https:\/\/youtu.be\/4e_z8oKwDXE<\/p>\n<p>Kenza Bondeux<\/p>\n","protected":false},"excerpt":{"rendered":"<p>Avec Lily Collins (Clary), Jamie Campbell Bower (Jace), Kevin Zegers (Alec), Jemima West (Isabelle), Robert Sheehan (Simon), Robert Maillet (Blackwell), Kevin Durand (Pangborn), Godfrey Gao (Magnus Bane), Lena Headey (Jocelyn), Harry Van Gorkum (Alaric), CCH Pounder (Dorothea), Jared Harris (Hodge), &hellip; <a href=\"https:\/\/www.imelasavoie.fr\/?p=4786\">Continuer la lecture <span class=\"meta-nav\">&rarr;<\/span><\/a><\/p>\n","protected":false},"author":13,"featured_media":0,"comment_status":"open","ping_status":"closed","sticky":false,"template":"","format":"standard","meta":{"footnotes":""},"categories":[48,60],"tags":[],"class_list":["post-4786","post","type-post","status-publish","format-standard","hentry","category-actualites","category-cecof"],"_links":{"self":[{"href":"https:\/\/www.imelasavoie.fr\/index.php?rest_route=\/wp\/v2\/posts\/4786","targetHints":{"allow":["GET"]}}],"collection":[{"href":"https:\/\/www.imelasavoie.fr\/index.php?rest_route=\/wp\/v2\/posts"}],"about":[{"href":"https:\/\/www.imelasavoie.fr\/index.php?rest_route=\/wp\/v2\/types\/post"}],"author":[{"embeddable":true,"href":"https:\/\/www.imelasavoie.fr\/index.php?rest_route=\/wp\/v2\/users\/13"}],"replies":[{"embeddable":true,"href":"https:\/\/www.imelasavoie.fr\/index.php?rest_route=%2Fwp%2Fv2%2Fcomments&post=4786"}],"version-history":[{"count":0,"href":"https:\/\/www.imelasavoie.fr\/index.php?rest_route=\/wp\/v2\/posts\/4786\/revisions"}],"wp:attachment":[{"href":"https:\/\/www.imelasavoie.fr\/index.php?rest_route=%2Fwp%2Fv2%2Fmedia&parent=4786"}],"wp:term":[{"taxonomy":"category","embeddable":true,"href":"https:\/\/www.imelasavoie.fr\/index.php?rest_route=%2Fwp%2Fv2%2Fcategories&post=4786"},{"taxonomy":"post_tag","embeddable":true,"href":"https:\/\/www.imelasavoie.fr\/index.php?rest_route=%2Fwp%2Fv2%2Ftags&post=4786"}],"curies":[{"name":"wp","href":"https:\/\/api.w.org\/{rel}","templated":true}]}}