{"id":601,"date":"2013-04-12T09:15:07","date_gmt":"2013-04-12T08:15:07","guid":{"rendered":"http:\/\/www.imelasavoie.fr\/?p=601"},"modified":"2013-04-12T09:15:07","modified_gmt":"2013-04-12T08:15:07","slug":"la-sortie-de-kart","status":"publish","type":"post","link":"https:\/\/www.imelasavoie.fr\/?p=601","title":{"rendered":"la sortie de kart"},"content":{"rendered":"<p>le 15 d\u00e9cembre nous somme all\u00e9s au kart \u00e0 Oyonnax avec le groupe B. on a fait des d\u00e9rapage la piste \u00e9tait lisse.<\/p>\n<div id=\"attachment_774\" style=\"width: 310px\" class=\"wp-caption alignnone\"><a href=\"https:\/\/www.imelasavoie.fr\/wp-content\/uploads\/2013\/04\/DSC00543.jpg\"><img loading=\"lazy\" decoding=\"async\" aria-describedby=\"caption-attachment-774\" class=\"size-medium wp-image-774\" alt=\"L'\u00e9quipement avec le casque\" src=\"https:\/\/www.imelasavoie.fr\/wp-content\/uploads\/2013\/04\/DSC00543-300x225.jpg\" width=\"300\" height=\"225\" \/><\/a><p id=\"caption-attachment-774\" class=\"wp-caption-text\">L&rsquo;\u00e9quipement avec le casque<\/p><\/div>\n<p>&nbsp;<\/p>\n<div id=\"attachment_775\" style=\"width: 310px\" class=\"wp-caption alignnone\"><a href=\"https:\/\/www.imelasavoie.fr\/wp-content\/uploads\/2013\/04\/DSC00563.jpg\"><img loading=\"lazy\" decoding=\"async\" aria-describedby=\"caption-attachment-775\" class=\"size-medium wp-image-775\" alt=\"le depar \" src=\"https:\/\/www.imelasavoie.fr\/wp-content\/uploads\/2013\/04\/DSC00563-300x225.jpg\" width=\"300\" height=\"225\" \/><\/a><p id=\"caption-attachment-775\" class=\"wp-caption-text\">le d\u00e9part<\/p><\/div>\n<p>K\u00e9vin P.<\/p>\n<p>&nbsp;<\/p>\n","protected":false},"excerpt":{"rendered":"<p>le 15 d\u00e9cembre nous somme all\u00e9s au kart \u00e0 Oyonnax avec le groupe B. on a fait des d\u00e9rapage la piste \u00e9tait lisse. &nbsp; K\u00e9vin P. &nbsp;<\/p>\n","protected":false},"author":10,"featured_media":0,"comment_status":"open","ping_status":"closed","sticky":false,"template":"","format":"standard","meta":{"footnotes":""},"categories":[48,66],"tags":[],"class_list":["post-601","post","type-post","status-publish","format-standard","hentry","category-actualites","category-groupe-b"],"_links":{"self":[{"href":"https:\/\/www.imelasavoie.fr\/index.php?rest_route=\/wp\/v2\/posts\/601","targetHints":{"allow":["GET"]}}],"collection":[{"href":"https:\/\/www.imelasavoie.fr\/index.php?rest_route=\/wp\/v2\/posts"}],"about":[{"href":"https:\/\/www.imelasavoie.fr\/index.php?rest_route=\/wp\/v2\/types\/post"}],"author":[{"embeddable":true,"href":"https:\/\/www.imelasavoie.fr\/index.php?rest_route=\/wp\/v2\/users\/10"}],"replies":[{"embeddable":true,"href":"https:\/\/www.imelasavoie.fr\/index.php?rest_route=%2Fwp%2Fv2%2Fcomments&post=601"}],"version-history":[{"count":0,"href":"https:\/\/www.imelasavoie.fr\/index.php?rest_route=\/wp\/v2\/posts\/601\/revisions"}],"wp:attachment":[{"href":"https:\/\/www.imelasavoie.fr\/index.php?rest_route=%2Fwp%2Fv2%2Fmedia&parent=601"}],"wp:term":[{"taxonomy":"category","embeddable":true,"href":"https:\/\/www.imelasavoie.fr\/index.php?rest_route=%2Fwp%2Fv2%2Fcategories&post=601"},{"taxonomy":"post_tag","embeddable":true,"href":"https:\/\/www.imelasavoie.fr\/index.php?rest_route=%2Fwp%2Fv2%2Ftags&post=601"}],"curies":[{"name":"wp","href":"https:\/\/api.w.org\/{rel}","templated":true}]}}