{"id":752,"date":"2013-04-08T14:01:06","date_gmt":"2013-04-08T13:01:06","guid":{"rendered":"http:\/\/www.imelasavoie.fr\/?p=752"},"modified":"2013-04-19T10:51:57","modified_gmt":"2013-04-19T09:51:57","slug":"la-serre","status":"publish","type":"post","link":"https:\/\/www.imelasavoie.fr\/?p=752","title":{"rendered":"la serre"},"content":{"rendered":"<p>la serre a \u00e9t\u00e9 cr\u00e9\u00e9 en bois en atelier menuiserie pour l&rsquo;atelier espace vert.<\/p>\n<p>il y a eu plusieurs \u00e9tapes plus ou moins difficile:<\/p>\n<p>J&rsquo;ai trac\u00e9 l&rsquo;\u00e9pure pour les pi\u00e8ces de bois.<\/p>\n<p>J&rsquo;ai d\u00e9bit\u00e9 les pi\u00e8ces.J&rsquo;ai rabot\u00e9 et d\u00e9gauchis pour avoir la cote finie.<\/p>\n<p>apr\u00e8s j&rsquo;ai tennon\u00e9 et mortais\u00e9.<\/p>\n<div id=\"attachment_758\" style=\"width: 310px\" class=\"wp-caption alignnone\"><a href=\"https:\/\/www.imelasavoie.fr\/wp-content\/uploads\/2013\/04\/DSC_0118.jpg\"><img loading=\"lazy\" decoding=\"async\" aria-describedby=\"caption-attachment-758\" class=\"size-medium wp-image-758\" alt=\"la structure en bois\" src=\"https:\/\/www.imelasavoie.fr\/wp-content\/uploads\/2013\/04\/DSC_0118-300x225.jpg\" width=\"300\" height=\"225\" \/><\/a><p id=\"caption-attachment-758\" class=\"wp-caption-text\">la structure en bois<\/p><\/div>\n<p>J&rsquo;ai\u00a0 pass\u00e9 les pi\u00e8ces dans la tenoneuse et la d\u00e9gauchisseuse.<\/p>\n<p>enfin j&rsquo;ai coll\u00e9 les pi\u00e8ces pour r\u00e9aliser la serre.<\/p>\n<div id=\"attachment_759\" style=\"width: 235px\" class=\"wp-caption alignnone\"><a href=\"https:\/\/www.imelasavoie.fr\/wp-content\/uploads\/2013\/04\/DSC_0114.jpg\"><img loading=\"lazy\" decoding=\"async\" aria-describedby=\"caption-attachment-759\" class=\"size-medium wp-image-759\" alt=\"montage des traverses basses\" src=\"https:\/\/www.imelasavoie.fr\/wp-content\/uploads\/2013\/04\/DSC_0114-225x300.jpg\" width=\"225\" height=\"300\" \/><\/a><p id=\"caption-attachment-759\" class=\"wp-caption-text\">montage des traverses basses<\/p><\/div>\n<p>Arnaud P.<\/p>\n<p>&nbsp;<\/p>\n<p>&nbsp;<\/p>\n<p>&nbsp;<\/p>\n<p>&nbsp;<\/p>\n<p>&nbsp;<\/p>\n<p>&nbsp;<\/p>\n<p>&nbsp;<\/p>\n","protected":false},"excerpt":{"rendered":"<p>la serre a \u00e9t\u00e9 cr\u00e9\u00e9 en bois en atelier menuiserie pour l&rsquo;atelier espace vert. il y a eu plusieurs \u00e9tapes plus ou moins difficile: J&rsquo;ai trac\u00e9 l&rsquo;\u00e9pure pour les pi\u00e8ces de bois. J&rsquo;ai d\u00e9bit\u00e9 les pi\u00e8ces.J&rsquo;ai rabot\u00e9 et d\u00e9gauchis pour &hellip; <a href=\"https:\/\/www.imelasavoie.fr\/?p=752\">Continuer la lecture <span class=\"meta-nav\">&rarr;<\/span><\/a><\/p>\n","protected":false},"author":10,"featured_media":0,"comment_status":"open","ping_status":"closed","sticky":false,"template":"","format":"standard","meta":{"footnotes":""},"categories":[48,60,56],"tags":[23,13,85,84],"class_list":["post-752","post","type-post","status-publish","format-standard","hentry","category-actualites","category-cecof","category-les-classes-et-ateliers","tag-bois","tag-menuiserie","tag-mortaiseuse","tag-tenonneuse"],"_links":{"self":[{"href":"https:\/\/www.imelasavoie.fr\/index.php?rest_route=\/wp\/v2\/posts\/752","targetHints":{"allow":["GET"]}}],"collection":[{"href":"https:\/\/www.imelasavoie.fr\/index.php?rest_route=\/wp\/v2\/posts"}],"about":[{"href":"https:\/\/www.imelasavoie.fr\/index.php?rest_route=\/wp\/v2\/types\/post"}],"author":[{"embeddable":true,"href":"https:\/\/www.imelasavoie.fr\/index.php?rest_route=\/wp\/v2\/users\/10"}],"replies":[{"embeddable":true,"href":"https:\/\/www.imelasavoie.fr\/index.php?rest_route=%2Fwp%2Fv2%2Fcomments&post=752"}],"version-history":[{"count":0,"href":"https:\/\/www.imelasavoie.fr\/index.php?rest_route=\/wp\/v2\/posts\/752\/revisions"}],"wp:attachment":[{"href":"https:\/\/www.imelasavoie.fr\/index.php?rest_route=%2Fwp%2Fv2%2Fmedia&parent=752"}],"wp:term":[{"taxonomy":"category","embeddable":true,"href":"https:\/\/www.imelasavoie.fr\/index.php?rest_route=%2Fwp%2Fv2%2Fcategories&post=752"},{"taxonomy":"post_tag","embeddable":true,"href":"https:\/\/www.imelasavoie.fr\/index.php?rest_route=%2Fwp%2Fv2%2Ftags&post=752"}],"curies":[{"name":"wp","href":"https:\/\/api.w.org\/{rel}","templated":true}]}}