{"id":763,"date":"2013-04-09T14:51:01","date_gmt":"2013-04-09T13:51:01","guid":{"rendered":"http:\/\/www.imelasavoie.fr\/?p=763"},"modified":"2013-04-09T14:51:01","modified_gmt":"2013-04-09T13:51:01","slug":"activites-du-mercredi-apres-midi","status":"publish","type":"post","link":"https:\/\/www.imelasavoie.fr\/?p=763","title":{"rendered":"Activit\u00e9s du mercredi apr\u00e8s-midi"},"content":{"rendered":"<p style=\"text-align: left\">Tous les mercredi apr\u00e8s-midi, nous faisons toutes sortes d&rsquo;activit\u00e9s. partir de 13h30 jusqu&rsquo;\u00e0 17h ou 17h30 cela d\u00e9pend des personnes. Nous go\u00fbtons avec les groupes d&rsquo;activit\u00e9s (la semaine le go\u00fbter se fait par Groupe). nous en avons 8 au total: Cr\u00e9ation avec l&rsquo;\u00e9ducatrice du Groupe C Marta, \u00c9quitation avec Manu \u00e9ducateur du Groupe C , Activit\u00e9 IME avec les \u00e9ducatrices M\u00e9lissa du groupe B (un des groupes gar\u00e7ons) et Delphine du Groupe A Filles, Vie Sociale avec l&rsquo;\u00e9ducateur Gr\u00e9goire du Groupe D\/Insertion UNSS avec l&rsquo;\u00e9ducateur Tony du Groupe Accueil(c&rsquo;est un Groupe mixtes), piscine \u00e0 Oyonnax avec Katia l&rsquo;\u00e9ducatrice du Groupe A Filles, piscine \u00e0 Amberieu en Bugey avec Sonia l&rsquo;\u00e9ducatrice du Groupe A Filles et il y a du th\u00e9\u00e2tre avec Fr\u00e9d\u00e9rique l&rsquo;\u00e9ducatrice du Groupe Accueil. Pour les activit\u00e9s nous avons la possibilit\u00e9 d&rsquo;utiliser les v\u00e9hicules de l&rsquo;\u00e9tablissement l&rsquo;IME la Savoie (Institut M\u00e9dico \u00c9ducatif)\u00a0 \u00e0 partir de 13h30 jusqu&rsquo;\u00e0 17h ou 17h30.<\/p>\n<p style=\"text-align: left\">Morine.B<\/p>\n","protected":false},"excerpt":{"rendered":"<p>Tous les mercredi apr\u00e8s-midi, nous faisons toutes sortes d&rsquo;activit\u00e9s. partir de 13h30 jusqu&rsquo;\u00e0 17h ou 17h30 cela d\u00e9pend des personnes. Nous go\u00fbtons avec les groupes d&rsquo;activit\u00e9s (la semaine le go\u00fbter se fait par Groupe). nous en avons 8 au total: &hellip; <a href=\"https:\/\/www.imelasavoie.fr\/?p=763\">Continuer la lecture <span class=\"meta-nav\">&rarr;<\/span><\/a><\/p>\n","protected":false},"author":10,"featured_media":0,"comment_status":"open","ping_status":"closed","sticky":false,"template":"","format":"standard","meta":{"footnotes":""},"categories":[48,60],"tags":[],"class_list":["post-763","post","type-post","status-publish","format-standard","hentry","category-actualites","category-cecof"],"_links":{"self":[{"href":"https:\/\/www.imelasavoie.fr\/index.php?rest_route=\/wp\/v2\/posts\/763","targetHints":{"allow":["GET"]}}],"collection":[{"href":"https:\/\/www.imelasavoie.fr\/index.php?rest_route=\/wp\/v2\/posts"}],"about":[{"href":"https:\/\/www.imelasavoie.fr\/index.php?rest_route=\/wp\/v2\/types\/post"}],"author":[{"embeddable":true,"href":"https:\/\/www.imelasavoie.fr\/index.php?rest_route=\/wp\/v2\/users\/10"}],"replies":[{"embeddable":true,"href":"https:\/\/www.imelasavoie.fr\/index.php?rest_route=%2Fwp%2Fv2%2Fcomments&post=763"}],"version-history":[{"count":0,"href":"https:\/\/www.imelasavoie.fr\/index.php?rest_route=\/wp\/v2\/posts\/763\/revisions"}],"wp:attachment":[{"href":"https:\/\/www.imelasavoie.fr\/index.php?rest_route=%2Fwp%2Fv2%2Fmedia&parent=763"}],"wp:term":[{"taxonomy":"category","embeddable":true,"href":"https:\/\/www.imelasavoie.fr\/index.php?rest_route=%2Fwp%2Fv2%2Fcategories&post=763"},{"taxonomy":"post_tag","embeddable":true,"href":"https:\/\/www.imelasavoie.fr\/index.php?rest_route=%2Fwp%2Fv2%2Ftags&post=763"}],"curies":[{"name":"wp","href":"https:\/\/api.w.org\/{rel}","templated":true}]}}