{"id":778,"date":"2013-04-18T12:53:21","date_gmt":"2013-04-18T11:53:21","guid":{"rendered":"http:\/\/www.imelasavoie.fr\/?p=778"},"modified":"2013-04-23T14:29:35","modified_gmt":"2013-04-23T13:29:35","slug":"salon-de-lauto","status":"publish","type":"post","link":"https:\/\/www.imelasavoie.fr\/?p=778","title":{"rendered":"salon de l&rsquo;auto"},"content":{"rendered":"<p>mercredi 15\u00a0 mars nous sommes all\u00e9s au salon international de\u00a0 l&rsquo;automobile de Gen\u00e8ve nous\u00a0 avons vu diff\u00e9rents mod\u00e8les de voiture. nous avons r\u00e9alis\u00e9 un top 6 de nos mod\u00e8les pr\u00e9f\u00e9r\u00e9s.<\/p>\n<div id=\"attachment_786\" style=\"width: 239px\" class=\"wp-caption alignnone\"><a href=\"https:\/\/www.imelasavoie.fr\/wp-content\/uploads\/2013\/04\/BILD0263.jpg\"><img loading=\"lazy\" decoding=\"async\" aria-describedby=\"caption-attachment-786\" class=\" wp-image-786\" alt=\"208 T16\" src=\"https:\/\/www.imelasavoie.fr\/wp-content\/uploads\/2013\/04\/BILD0263-225x300.jpg\" width=\"229\" height=\"335\" \/><\/a><p id=\"caption-attachment-786\" class=\"wp-caption-text\">208 T16<\/p><\/div>\n<p>&nbsp;<\/p>\n<div id=\"attachment_785\" style=\"width: 310px\" class=\"wp-caption alignnone\"><a href=\"https:\/\/www.imelasavoie.fr\/wp-content\/uploads\/2013\/04\/BILD0258.jpg\"><img loading=\"lazy\" decoding=\"async\" aria-describedby=\"caption-attachment-785\" class=\"size-medium wp-image-785\" alt=\"peugoet 208 sport\" src=\"https:\/\/www.imelasavoie.fr\/wp-content\/uploads\/2013\/04\/BILD0258-300x225.jpg\" width=\"300\" height=\"225\" \/><\/a><p id=\"caption-attachment-785\" class=\"wp-caption-text\">peugeot rcz<\/p><\/div>\n<p>&nbsp;<\/p>\n<div id=\"attachment_787\" style=\"width: 235px\" class=\"wp-caption alignnone\"><a href=\"https:\/\/www.imelasavoie.fr\/wp-content\/uploads\/2013\/04\/BILD0274.jpg\"><img loading=\"lazy\" decoding=\"async\" aria-describedby=\"caption-attachment-787\" class=\"size-medium wp-image-787\" alt=\"bugatie veron\" src=\"https:\/\/www.imelasavoie.fr\/wp-content\/uploads\/2013\/04\/BILD0274-225x300.jpg\" width=\"225\" height=\"300\" \/><\/a><p id=\"caption-attachment-787\" class=\"wp-caption-text\">Lamborghini<\/p><\/div>\n<p>&nbsp;<\/p>\n<div id=\"attachment_788\" style=\"width: 310px\" class=\"wp-caption alignnone\"><a href=\"https:\/\/www.imelasavoie.fr\/wp-content\/uploads\/2013\/04\/BILD0284.jpg\"><img loading=\"lazy\" decoding=\"async\" aria-describedby=\"caption-attachment-788\" class=\"size-medium wp-image-788\" alt=\"lamborgini\" src=\"https:\/\/www.imelasavoie.fr\/wp-content\/uploads\/2013\/04\/BILD0284-300x225.jpg\" width=\"300\" height=\"225\" \/><\/a><p id=\"caption-attachment-788\" class=\"wp-caption-text\">Hyundai<\/p><\/div>\n<p>&nbsp;<\/p>\n<div id=\"attachment_789\" style=\"width: 310px\" class=\"wp-caption alignnone\"><a href=\"https:\/\/www.imelasavoie.fr\/wp-content\/uploads\/2013\/04\/BILD0299.jpg\"><img loading=\"lazy\" decoding=\"async\" aria-describedby=\"caption-attachment-789\" class=\"size-medium wp-image-789\" alt=\"TECHART\" src=\"https:\/\/www.imelasavoie.fr\/wp-content\/uploads\/2013\/04\/BILD0299-300x225.jpg\" width=\"300\" height=\"225\" \/><\/a><p id=\"caption-attachment-789\" class=\"wp-caption-text\">TECHART<\/p><\/div>\n<div id=\"attachment_790\" style=\"width: 310px\" class=\"wp-caption alignnone\"><a href=\"https:\/\/www.imelasavoie.fr\/wp-content\/uploads\/2013\/04\/DSC03279.jpg\"><img loading=\"lazy\" decoding=\"async\" aria-describedby=\"caption-attachment-790\" class=\"size-medium wp-image-790\" alt=\"jaguar\" src=\"https:\/\/www.imelasavoie.fr\/wp-content\/uploads\/2013\/04\/DSC03279-300x225.jpg\" width=\"300\" height=\"225\" \/><\/a><p id=\"caption-attachment-790\" class=\"wp-caption-text\">maserati<\/p><\/div>\n<p>K\u00e9vin P. \/ K\u00e9vin V. \/ L\u00e9o F. \/ Dylan A.<\/p>\n<p>&nbsp;<\/p>\n","protected":false},"excerpt":{"rendered":"<p>mercredi 15\u00a0 mars nous sommes all\u00e9s au salon international de\u00a0 l&rsquo;automobile de Gen\u00e8ve nous\u00a0 avons vu diff\u00e9rents mod\u00e8les de voiture. nous avons r\u00e9alis\u00e9 un top 6 de nos mod\u00e8les pr\u00e9f\u00e9r\u00e9s. &nbsp; &nbsp; &nbsp; &nbsp; K\u00e9vin P. \/ K\u00e9vin V. \/ &hellip; <a href=\"https:\/\/www.imelasavoie.fr\/?p=778\">Continuer la lecture <span class=\"meta-nav\">&rarr;<\/span><\/a><\/p>\n","protected":false},"author":10,"featured_media":0,"comment_status":"open","ping_status":"closed","sticky":false,"template":"","format":"standard","meta":{"footnotes":""},"categories":[48,64],"tags":[],"class_list":["post-778","post","type-post","status-publish","format-standard","hentry","category-actualites","category-ava"],"_links":{"self":[{"href":"https:\/\/www.imelasavoie.fr\/index.php?rest_route=\/wp\/v2\/posts\/778","targetHints":{"allow":["GET"]}}],"collection":[{"href":"https:\/\/www.imelasavoie.fr\/index.php?rest_route=\/wp\/v2\/posts"}],"about":[{"href":"https:\/\/www.imelasavoie.fr\/index.php?rest_route=\/wp\/v2\/types\/post"}],"author":[{"embeddable":true,"href":"https:\/\/www.imelasavoie.fr\/index.php?rest_route=\/wp\/v2\/users\/10"}],"replies":[{"embeddable":true,"href":"https:\/\/www.imelasavoie.fr\/index.php?rest_route=%2Fwp%2Fv2%2Fcomments&post=778"}],"version-history":[{"count":0,"href":"https:\/\/www.imelasavoie.fr\/index.php?rest_route=\/wp\/v2\/posts\/778\/revisions"}],"wp:attachment":[{"href":"https:\/\/www.imelasavoie.fr\/index.php?rest_route=%2Fwp%2Fv2%2Fmedia&parent=778"}],"wp:term":[{"taxonomy":"category","embeddable":true,"href":"https:\/\/www.imelasavoie.fr\/index.php?rest_route=%2Fwp%2Fv2%2Fcategories&post=778"},{"taxonomy":"post_tag","embeddable":true,"href":"https:\/\/www.imelasavoie.fr\/index.php?rest_route=%2Fwp%2Fv2%2Ftags&post=778"}],"curies":[{"name":"wp","href":"https:\/\/api.w.org\/{rel}","templated":true}]}}