{"id":9509,"date":"2017-06-02T10:00:35","date_gmt":"2017-06-02T09:00:35","guid":{"rendered":"http:\/\/www.imelasavoie.fr\/?p=9509"},"modified":"2017-06-02T10:00:35","modified_gmt":"2017-06-02T09:00:35","slug":"championnat-de-france-de-vtt-2","status":"publish","type":"post","link":"https:\/\/www.imelasavoie.fr\/?p=9509","title":{"rendered":"Championnat  De  France de VTT"},"content":{"rendered":"<p>Nous sommes arriv\u00e9s mardi 30 mai \u00e0 Malauc\u00e8ne.<\/p>\n<p>&nbsp;<\/p>\n<p>Nous sommes all\u00e9s dans une salle pour r\u00e9cup\u00e9rer des t-shirts\u00a0 et des gourdes.\u00a0 Apr\u00e8s, nous\u00a0 sommes all\u00e9s rep\u00e9rer\u00a0 la descente \u00a0en v\u00e9lo. Le\u00a0 mercredi\u00a0 matin,\u00a0 nous avons fait la descente deux fois et ensuite nous avons fait le trivial avec des zones o\u00f9 nous n\u2019avions pas le droit de poser le pied par terre et de toucher les balises.<\/p>\n<p>Il y avait 2 \u00e9quipes\u00a0: L\u00e9o\/Igor, Blaise et moi et l\u2019autre \u00e9quipe\u00a0: Alexandre\/Samuel et Kevin\/Aliz\u00e9e.<\/p>\n<p>Le jeudi\u00a0 matin, \u00a0nous avons pr\u00e9par\u00e9 les v\u00e9los tandem et la course du Championnat \u00e9tait un relais\u00a0: on devait passer 2 fois pour chaque \u00e9quipe. Mon \u00e9quipe a termin\u00e9 premi\u00e8re et celle de Kevin deuxi\u00e8me.<\/p>\n<p>Audrey c<\/p>\n","protected":false},"excerpt":{"rendered":"<p>Nous sommes arriv\u00e9s mardi 30 mai \u00e0 Malauc\u00e8ne. &nbsp; Nous sommes all\u00e9s dans une salle pour r\u00e9cup\u00e9rer des t-shirts\u00a0 et des gourdes.\u00a0 Apr\u00e8s, nous\u00a0 sommes all\u00e9s rep\u00e9rer\u00a0 la descente \u00a0en v\u00e9lo. Le\u00a0 mercredi\u00a0 matin,\u00a0 nous avons fait la descente deux &hellip; <a href=\"https:\/\/www.imelasavoie.fr\/?p=9509\">Continuer la lecture <span class=\"meta-nav\">&rarr;<\/span><\/a><\/p>\n","protected":false},"author":15,"featured_media":0,"comment_status":"open","ping_status":"closed","sticky":false,"template":"","format":"standard","meta":{"footnotes":""},"categories":[58],"tags":[],"class_list":["post-9509","post","type-post","status-publish","format-standard","hentry","category-mandela2"],"_links":{"self":[{"href":"https:\/\/www.imelasavoie.fr\/index.php?rest_route=\/wp\/v2\/posts\/9509","targetHints":{"allow":["GET"]}}],"collection":[{"href":"https:\/\/www.imelasavoie.fr\/index.php?rest_route=\/wp\/v2\/posts"}],"about":[{"href":"https:\/\/www.imelasavoie.fr\/index.php?rest_route=\/wp\/v2\/types\/post"}],"author":[{"embeddable":true,"href":"https:\/\/www.imelasavoie.fr\/index.php?rest_route=\/wp\/v2\/users\/15"}],"replies":[{"embeddable":true,"href":"https:\/\/www.imelasavoie.fr\/index.php?rest_route=%2Fwp%2Fv2%2Fcomments&post=9509"}],"version-history":[{"count":0,"href":"https:\/\/www.imelasavoie.fr\/index.php?rest_route=\/wp\/v2\/posts\/9509\/revisions"}],"wp:attachment":[{"href":"https:\/\/www.imelasavoie.fr\/index.php?rest_route=%2Fwp%2Fv2%2Fmedia&parent=9509"}],"wp:term":[{"taxonomy":"category","embeddable":true,"href":"https:\/\/www.imelasavoie.fr\/index.php?rest_route=%2Fwp%2Fv2%2Fcategories&post=9509"},{"taxonomy":"post_tag","embeddable":true,"href":"https:\/\/www.imelasavoie.fr\/index.php?rest_route=%2Fwp%2Fv2%2Ftags&post=9509"}],"curies":[{"name":"wp","href":"https:\/\/api.w.org\/{rel}","templated":true}]}}