{"id":9630,"date":"2017-09-08T16:48:40","date_gmt":"2017-09-08T15:48:40","guid":{"rendered":"http:\/\/www.imelasavoie.fr\/?p=9630"},"modified":"2017-09-25T20:14:32","modified_gmt":"2017-09-25T19:14:32","slug":"impression-de-rentree-de-la-classe-dinamo-2-sur-le-nouvel-etablissement","status":"publish","type":"post","link":"https:\/\/www.imelasavoie.fr\/?p=9630","title":{"rendered":"Impressions de rentr\u00e9e de la classe Dinamo 2 sur le nouvel \u00e9tablissement"},"content":{"rendered":"<p><span style=\"font-size: large;\">Lionel\u00a0: On est content d&rsquo;\u00eatre dans des nouveaux locaux parce que c&rsquo;est tout neuf.<\/span><\/p>\n<p><span style=\"font-size: large;\">Adrien\u00a0: C&rsquo;\u00e9tait tout vieux l\u00e0-bas avant. C&rsquo;\u00e9tait grand mais c&rsquo;\u00e9tait vieux.<\/span><\/p>\n<p><span style=\"font-size: large;\">Joris\u00a0: Ca m&rsquo;a fait bizarre d&rsquo;arriver dans cet \u00e9tablissement. Faire la rentr\u00e9e ici, \u00e7a fait bizarre. \u00c7a change en bien. C&rsquo;est positif.<\/span><\/p>\n<p><span style=\"font-size: large;\">Joshua\u00a0:C&rsquo;est g\u00e9nial le groupe. Les chambres sont immenses avec salle de bain.<\/span><\/p>\n<p><span style=\"font-size: large;\">Adrien\u00a0: Par rapport \u00e0 l&rsquo;ancien IME, c&rsquo;est le grand luxe ! Les lits sont grands\u00a0! <\/span><\/p>\n<p><span style=\"font-size: large;\">Les salles de bain, le mobilier&#8230; Ca a du co\u00fbter cher. Il faut prendre pour pas casser le mat\u00e9riel. Tout est bien\u00a0! M\u00eame les classes, sont plus grandes.<\/span><\/p>\n<p><span style=\"font-size: large;\">Oph\u00e9lie\u00a0: Quand je suis arriv\u00e9e dans le nouvel \u00e9tablissement, je l&rsquo;ai ador\u00e9. J&rsquo;adore le groupe 1 car il est mixte avec un c\u00f4t\u00e9 gar\u00e7on et un c\u00f4te fille. La classe est plus grande et beaucoup mieux car c&rsquo;est tout neuf. J&rsquo;adore les petits mots \u00e9crits sur les murs.<\/span><\/p>\n<p><span style=\"font-size: large;\">Mika\u00efl\u00a0: Par rapport \u00e0 l&rsquo;ancien I.M.E , c&rsquo;est magnifique car tout est beau et grand.<\/span><\/p>\n<p><span style=\"font-size: large;\">L&rsquo;atelier cuisine est beaucoup plus grand ainsi que le restaurant.<\/span><\/p>\n<p><span style=\"font-size: large;\">Je me sens tr\u00e8s bien et je suis content d&rsquo;\u00eatre ici.<\/span><\/p>\n<p><span style=\"font-size: large;\">Maxime\u00a0: Je me sens en s\u00e9curit\u00e9 ici car il y a des portails.<\/span><\/p>\n<p><span style=\"font-size: large;\">J&rsquo;ai encore du mal \u00e0 me rep\u00e9rer.<\/span><\/p>\n<p><span style=\"font-size: large;\">C&rsquo;est un joli \u00e9tablissement avec du bois et \u00e7a donne une bonne image.<\/span><\/p>\n<p><span style=\"font-size: large;\">On a du nouveau mobilier et \u00e7a donne envie de bien travailler et \u00e7a motive les jeunes pour venir.<\/span><\/p>\n<p><span style=\"font-size: large;\">Oriane: Quand je suis rentr\u00e9e, j&rsquo;ai trouv\u00e9 que le cadre \u00e9tait beau.<\/span><\/p>\n<p><span style=\"font-size: large;\">Je trouve que la classe est beaucoup mieux que l&rsquo;ann\u00e9e derni\u00e8re.<\/span><\/p>\n<p><span style=\"font-size: large;\">L&rsquo;atelier cuisine est spacieux et splendide.<\/span><\/p>\n<p><span style=\"font-size: large;\">Je pense que moi et les jeunes on va bien travailler ici.<\/span><\/p>\n<p><span style=\"font-size: large;\">On circule beaucoup mieux avec des belles pancartes et des belles d\u00e9corations.<\/span><\/p>\n<p><span style=\"font-size: large;\">Les oiseaux sur les murs sont magnifiques.<\/span><\/p>\n<p><span style=\"font-size: large;\">Mohamed\u00a0: C&rsquo;est moins grand et donc c&rsquo;est plus pratique pour se d\u00e9placer .<\/span><\/p>\n<p><span style=\"font-size: large;\">Les b\u00e2timents sont g\u00e9niaux.<\/span><\/p>\n<p><span style=\"font-size: large;\">Ca change de l&rsquo;ancien \u00e9tablissement .<\/span><\/p>\n<p><span style=\"font-size: large;\">Tout est plus pratique sauf\u00a0\u00ab\u00a0la plonge\u00a0\u00bb qui est trop petite. <\/span><\/p>\n<p><span style=\"font-size: large;\">Je suis content de retrouve Eric<\/span><\/p>\n<p>&nbsp;<\/p>\n<p>&nbsp;<\/p>\n","protected":false},"excerpt":{"rendered":"<p>Lionel\u00a0: On est content d&rsquo;\u00eatre dans des nouveaux locaux parce que c&rsquo;est tout neuf. Adrien\u00a0: C&rsquo;\u00e9tait tout vieux l\u00e0-bas avant. C&rsquo;\u00e9tait grand mais c&rsquo;\u00e9tait vieux. Joris\u00a0: Ca m&rsquo;a fait bizarre d&rsquo;arriver dans cet \u00e9tablissement. Faire la rentr\u00e9e ici, \u00e7a fait &hellip; <a href=\"https:\/\/www.imelasavoie.fr\/?p=9630\">Continuer la lecture <span class=\"meta-nav\">&rarr;<\/span><\/a><\/p>\n","protected":false},"author":1,"featured_media":0,"comment_status":"open","ping_status":"closed","sticky":false,"template":"","format":"standard","meta":{"footnotes":""},"categories":[48,61,56],"tags":[],"class_list":["post-9630","post","type-post","status-publish","format-standard","hentry","category-actualites","category-dinamo2","category-les-classes-et-ateliers"],"_links":{"self":[{"href":"https:\/\/www.imelasavoie.fr\/index.php?rest_route=\/wp\/v2\/posts\/9630","targetHints":{"allow":["GET"]}}],"collection":[{"href":"https:\/\/www.imelasavoie.fr\/index.php?rest_route=\/wp\/v2\/posts"}],"about":[{"href":"https:\/\/www.imelasavoie.fr\/index.php?rest_route=\/wp\/v2\/types\/post"}],"author":[{"embeddable":true,"href":"https:\/\/www.imelasavoie.fr\/index.php?rest_route=\/wp\/v2\/users\/1"}],"replies":[{"embeddable":true,"href":"https:\/\/www.imelasavoie.fr\/index.php?rest_route=%2Fwp%2Fv2%2Fcomments&post=9630"}],"version-history":[{"count":0,"href":"https:\/\/www.imelasavoie.fr\/index.php?rest_route=\/wp\/v2\/posts\/9630\/revisions"}],"wp:attachment":[{"href":"https:\/\/www.imelasavoie.fr\/index.php?rest_route=%2Fwp%2Fv2%2Fmedia&parent=9630"}],"wp:term":[{"taxonomy":"category","embeddable":true,"href":"https:\/\/www.imelasavoie.fr\/index.php?rest_route=%2Fwp%2Fv2%2Fcategories&post=9630"},{"taxonomy":"post_tag","embeddable":true,"href":"https:\/\/www.imelasavoie.fr\/index.php?rest_route=%2Fwp%2Fv2%2Ftags&post=9630"}],"curies":[{"name":"wp","href":"https:\/\/api.w.org\/{rel}","templated":true}]}}