{"id":9632,"date":"2017-09-08T16:52:12","date_gmt":"2017-09-08T15:52:12","guid":{"rendered":"http:\/\/www.imelasavoie.fr\/?p=9632"},"modified":"2017-09-09T13:54:52","modified_gmt":"2017-09-09T12:54:52","slug":"la-randonnee-autour-des-lesines","status":"publish","type":"post","link":"https:\/\/www.imelasavoie.fr\/?p=9632","title":{"rendered":"La randonn\u00e9e autour des L\u00e9sines"},"content":{"rendered":"<p><span style=\"font-size: x-large;\">J<span style=\"font-size: large;\">eudi 7 septembre, nous sommes partis faire une randonn\u00e9e autour du marais des l\u00e9sines. Nous avons utilis\u00e9 nos cinq sens lors de cette balade.<\/span><\/span><\/p>\n<p><span style=\"font-size: x-large;\"><span style=\"font-size: large;\">Nous avons observ\u00e9 le lit de la rivi\u00e8re. Toutes les pierres \u00e9taient rondes, lisses et polies. Pourquoi ?<\/span><\/span><\/p>\n<p><span style=\"font-size: x-large;\"><span style=\"font-size: large;\">Car l&rsquo;eau de la rivi\u00e8re \u00e9rode et use les pierres qui deviennent toutes lisses. Nous les appelons alors des galets.<\/span><\/span><\/p>\n<p><span style=\"font-size: x-large;\"><span style=\"font-size: large;\">Nous avons fait aussi des math\u00e9matiques avec des feuilles d&rsquo;arbres. <\/span><\/span><\/p>\n<p><span style=\"font-size: x-large;\"><span style=\"font-size: large;\">En effet ,nous avons vu que l&rsquo;\u00e9rable avait un axe de sym\u00e9trie et qu&rsquo;il faisait partie de la table du cinq.<\/span><\/span><\/p>\n<p><a href=\"https:\/\/www.imelasavoie.fr\/wp-content\/uploads\/2017\/09\/46b.jpg\"><img loading=\"lazy\" decoding=\"async\" class=\"aligncenter size-medium wp-image-9635\" src=\"https:\/\/www.imelasavoie.fr\/wp-content\/uploads\/2017\/09\/46b-300x274.jpg\" alt=\"\" width=\"300\" height=\"274\" srcset=\"https:\/\/www.imelasavoie.fr\/wp-content\/uploads\/2017\/09\/46b-300x274.jpg 300w, https:\/\/www.imelasavoie.fr\/wp-content\/uploads\/2017\/09\/46b.jpg 460w\" sizes=\"auto, (max-width: 300px) 100vw, 300px\" \/><\/a><\/p>\n<p><span style=\"font-size: x-large;\"><span style=\"font-size: large;\">Nous avons vu deux esp\u00e8ces de fr\u00eanes car l&rsquo;un faisait partie de la table du neuf et un autre de la table du onze.<\/span><\/span><\/p>\n<p><a href=\"https:\/\/www.imelasavoie.fr\/wp-content\/uploads\/2017\/09\/57b.jpg\"><img loading=\"lazy\" decoding=\"async\" class=\"size-medium wp-image-9636 aligncenter\" src=\"https:\/\/www.imelasavoie.fr\/wp-content\/uploads\/2017\/09\/57b-300x151.jpg\" alt=\"\" width=\"300\" height=\"151\" srcset=\"https:\/\/www.imelasavoie.fr\/wp-content\/uploads\/2017\/09\/57b-300x151.jpg 300w, https:\/\/www.imelasavoie.fr\/wp-content\/uploads\/2017\/09\/57b.jpg 580w\" sizes=\"auto, (max-width: 300px) 100vw, 300px\" \/><\/a><a href=\"https:\/\/www.imelasavoie.fr\/wp-content\/uploads\/2017\/09\/20-frne-feuille.jpg\"><img loading=\"lazy\" decoding=\"async\" class=\"aligncenter size-full wp-image-9634\" src=\"https:\/\/www.imelasavoie.fr\/wp-content\/uploads\/2017\/09\/20-frne-feuille.jpg\" alt=\"\" width=\"224\" height=\"227\" \/><\/a><\/p>\n<p><span style=\"font-size: x-large;\"><span style=\"font-size: large;\">Nous avons touch\u00e9 les feuilles de noisetier et vu qu&rsquo;elles \u00e9taient douces alors que celles du h\u00eatre \u00e9taient lisses et brillantes. <\/span><\/span><\/p>\n<p style=\"text-align: center;\"><a href=\"https:\/\/www.imelasavoie.fr\/wp-content\/uploads\/2017\/09\/corylusf.jpg\"><img loading=\"lazy\" decoding=\"async\" class=\"aligncenter size-full wp-image-9637\" src=\"https:\/\/www.imelasavoie.fr\/wp-content\/uploads\/2017\/09\/corylusf.jpg\" alt=\"\" width=\"280\" height=\"261\" \/><\/a>Feuille de noisetier<\/p>\n<p style=\"text-align: center;\"><a href=\"https:\/\/www.imelasavoie.fr\/wp-content\/uploads\/2017\/09\/24B.jpg\"><img loading=\"lazy\" decoding=\"async\" class=\"aligncenter size-medium wp-image-9644\" src=\"https:\/\/www.imelasavoie.fr\/wp-content\/uploads\/2017\/09\/24B-300x212.jpg\" alt=\"\" width=\"300\" height=\"212\" srcset=\"https:\/\/www.imelasavoie.fr\/wp-content\/uploads\/2017\/09\/24B-300x212.jpg 300w, https:\/\/www.imelasavoie.fr\/wp-content\/uploads\/2017\/09\/24B.jpg 520w\" sizes=\"auto, (max-width: 300px) 100vw, 300px\" \/><\/a>Feuille de h\u00eatre<\/p>\n<p><span style=\"font-size: x-large;\"><span style=\"font-size: large;\">Nous avons vu que la mousse sur les arbres se mettait au nord et pas au sud. C&rsquo;est une sorte de boussole v\u00e9g\u00e9tale. <\/span><\/span><\/p>\n<p><a href=\"https:\/\/www.imelasavoie.fr\/wp-content\/uploads\/2017\/09\/ehx3c9ne.jpg\"><img loading=\"lazy\" decoding=\"async\" class=\"aligncenter size-medium wp-image-9638\" src=\"https:\/\/www.imelasavoie.fr\/wp-content\/uploads\/2017\/09\/ehx3c9ne-225x300.jpg\" alt=\"\" width=\"225\" height=\"300\" srcset=\"https:\/\/www.imelasavoie.fr\/wp-content\/uploads\/2017\/09\/ehx3c9ne-225x300.jpg 225w, https:\/\/www.imelasavoie.fr\/wp-content\/uploads\/2017\/09\/ehx3c9ne.jpg 480w\" sizes=\"auto, (max-width: 225px) 100vw, 225px\" \/><\/a><\/p>\n<p><span style=\"font-size: x-large;\"><span style=\"font-size: large;\">Nous avons go\u00fbt\u00e9 des graines de c\u00f4nes de sapin comme les \u00e9cureuils. C&rsquo;\u00e9tait d\u00e9licieux ! <\/span><\/span><\/p>\n<p><a href=\"https:\/\/www.imelasavoie.fr\/wp-content\/uploads\/2017\/09\/Traces_ecureuil_01.jpg\"><img loading=\"lazy\" decoding=\"async\" class=\"aligncenter size-medium wp-image-9645\" src=\"https:\/\/www.imelasavoie.fr\/wp-content\/uploads\/2017\/09\/Traces_ecureuil_01-300x225.jpg\" alt=\"\" width=\"300\" height=\"225\" srcset=\"https:\/\/www.imelasavoie.fr\/wp-content\/uploads\/2017\/09\/Traces_ecureuil_01-300x225.jpg 300w, https:\/\/www.imelasavoie.fr\/wp-content\/uploads\/2017\/09\/Traces_ecureuil_01.jpg 600w\" sizes=\"auto, (max-width: 300px) 100vw, 300px\" \/><\/a><\/p>\n<p>&nbsp;<\/p>\n<p>Pour aller plus loin&#8230;<\/p>\n<p><a href=\"https:\/\/www.imelasavoie.fr\/wp-content\/uploads\/2017\/09\/seance4photondeg5.jpg\"><img loading=\"lazy\" decoding=\"async\" class=\"aligncenter size-medium wp-image-9642\" src=\"https:\/\/www.imelasavoie.fr\/wp-content\/uploads\/2017\/09\/seance4photondeg5-212x300.jpg\" alt=\"\" width=\"212\" height=\"300\" srcset=\"https:\/\/www.imelasavoie.fr\/wp-content\/uploads\/2017\/09\/seance4photondeg5-212x300.jpg 212w, https:\/\/www.imelasavoie.fr\/wp-content\/uploads\/2017\/09\/seance4photondeg5-768x1087.jpg 768w, https:\/\/www.imelasavoie.fr\/wp-content\/uploads\/2017\/09\/seance4photondeg5-724x1024.jpg 724w, https:\/\/www.imelasavoie.fr\/wp-content\/uploads\/2017\/09\/seance4photondeg5.jpg 793w\" sizes=\"auto, (max-width: 212px) 100vw, 212px\" \/><\/a><\/p>\n<p><span style=\"font-size: x-large;\"><span style=\"font-size: large;\">Nous avons march\u00e9 sur le sentier sur pilotis dans le marais. <\/span><\/span><\/p>\n<p><a href=\"https:\/\/www.imelasavoie.fr\/wp-content\/uploads\/2017\/09\/54125737.jpg\"><img loading=\"lazy\" decoding=\"async\" class=\"aligncenter size-medium wp-image-9643\" src=\"https:\/\/www.imelasavoie.fr\/wp-content\/uploads\/2017\/09\/54125737-200x300.jpg\" alt=\"\" width=\"200\" height=\"300\" srcset=\"https:\/\/www.imelasavoie.fr\/wp-content\/uploads\/2017\/09\/54125737-200x300.jpg 200w, https:\/\/www.imelasavoie.fr\/wp-content\/uploads\/2017\/09\/54125737.jpg 333w\" sizes=\"auto, (max-width: 200px) 100vw, 200px\" \/><\/a><\/p>\n<p><span style=\"font-size: x-large;\"><span style=\"font-size: large;\">Nous avons enfin cherch\u00e9 des chevaux primitifs, les tarpans, dans le marais. Malheureusement, nous ne les avons pas vus.<\/span><\/span><\/p>\n<p><a href=\"https:\/\/www.imelasavoie.fr\/wp-content\/uploads\/2017\/09\/ob_3f6718_capture.jpg\"><img loading=\"lazy\" decoding=\"async\" class=\"aligncenter size-medium wp-image-9639\" src=\"https:\/\/www.imelasavoie.fr\/wp-content\/uploads\/2017\/09\/ob_3f6718_capture-300x163.jpg\" alt=\"\" width=\"300\" height=\"163\" srcset=\"https:\/\/www.imelasavoie.fr\/wp-content\/uploads\/2017\/09\/ob_3f6718_capture-300x163.jpg 300w, https:\/\/www.imelasavoie.fr\/wp-content\/uploads\/2017\/09\/ob_3f6718_capture-768x416.jpg 768w, https:\/\/www.imelasavoie.fr\/wp-content\/uploads\/2017\/09\/ob_3f6718_capture.jpg 886w\" sizes=\"auto, (max-width: 300px) 100vw, 300px\" \/><\/a><\/p>\n<p>Bient\u00f4t nous vous enverrons des dessins de peintures rupestres rappelant ce cheval&#8230;<\/p>\n<p style=\"text-align: center;\">Maxime, Elisa, Sabine et Joshua (Merci \u00e0 Micka\u00efl T pour son aide dans la recopie du texte)<\/p>\n","protected":false},"excerpt":{"rendered":"<p>Jeudi 7 septembre, nous sommes partis faire une randonn\u00e9e autour du marais des l\u00e9sines. Nous avons utilis\u00e9 nos cinq sens lors de cette balade. Nous avons observ\u00e9 le lit de la rivi\u00e8re. Toutes les pierres \u00e9taient rondes, lisses et polies. &hellip; <a href=\"https:\/\/www.imelasavoie.fr\/?p=9632\">Continuer la lecture <span class=\"meta-nav\">&rarr;<\/span><\/a><\/p>\n","protected":false},"author":1,"featured_media":0,"comment_status":"open","ping_status":"closed","sticky":false,"template":"","format":"standard","meta":{"footnotes":""},"categories":[48,61,56],"tags":[],"class_list":["post-9632","post","type-post","status-publish","format-standard","hentry","category-actualites","category-dinamo2","category-les-classes-et-ateliers"],"_links":{"self":[{"href":"https:\/\/www.imelasavoie.fr\/index.php?rest_route=\/wp\/v2\/posts\/9632","targetHints":{"allow":["GET"]}}],"collection":[{"href":"https:\/\/www.imelasavoie.fr\/index.php?rest_route=\/wp\/v2\/posts"}],"about":[{"href":"https:\/\/www.imelasavoie.fr\/index.php?rest_route=\/wp\/v2\/types\/post"}],"author":[{"embeddable":true,"href":"https:\/\/www.imelasavoie.fr\/index.php?rest_route=\/wp\/v2\/users\/1"}],"replies":[{"embeddable":true,"href":"https:\/\/www.imelasavoie.fr\/index.php?rest_route=%2Fwp%2Fv2%2Fcomments&post=9632"}],"version-history":[{"count":0,"href":"https:\/\/www.imelasavoie.fr\/index.php?rest_route=\/wp\/v2\/posts\/9632\/revisions"}],"wp:attachment":[{"href":"https:\/\/www.imelasavoie.fr\/index.php?rest_route=%2Fwp%2Fv2%2Fmedia&parent=9632"}],"wp:term":[{"taxonomy":"category","embeddable":true,"href":"https:\/\/www.imelasavoie.fr\/index.php?rest_route=%2Fwp%2Fv2%2Fcategories&post=9632"},{"taxonomy":"post_tag","embeddable":true,"href":"https:\/\/www.imelasavoie.fr\/index.php?rest_route=%2Fwp%2Fv2%2Ftags&post=9632"}],"curies":[{"name":"wp","href":"https:\/\/api.w.org\/{rel}","templated":true}]}}