{"id":9653,"date":"2017-09-15T10:00:30","date_gmt":"2017-09-15T09:00:30","guid":{"rendered":"http:\/\/www.imelasavoie.fr\/?p=9653"},"modified":"2017-09-15T10:12:26","modified_gmt":"2017-09-15T09:12:26","slug":"le-graffiti","status":"publish","type":"post","link":"https:\/\/www.imelasavoie.fr\/?p=9653","title":{"rendered":"[Arts visuels]Le Graffiti"},"content":{"rendered":"<p>Aujourd&rsquo;hui, nous avons travaill\u00e9 sur le Graffiti.<\/p>\n<p>Le Graffiti est une inscription ou une peinture r\u00e9alis\u00e9e sur des murs, des monuments ou des objets parfois situ\u00e9s sur l&rsquo;espace public.<\/p>\n<p>Jeudi 14 septembre, avec Mr Duclos, nous avons commenc\u00e9 par apprendre \u00e0 d\u00e9former les lettres de l&rsquo;alphabet puis \u00e0 les associer et les coller. Nous avons r\u00e9alis\u00e9 nos pr\u00e9noms en Graffiti.<\/p>\n<p>Qu&rsquo;est-ce que vous en pensez?<\/p>\n<p>La classe Mandela2<\/p>\n<p><a href=\"https:\/\/www.imelasavoie.fr\/wp-content\/uploads\/2017\/09\/IMG_47161.jpg\"><img loading=\"lazy\" decoding=\"async\" class=\"alignnone size-medium wp-image-9656\" src=\"https:\/\/www.imelasavoie.fr\/wp-content\/uploads\/2017\/09\/IMG_47161-300x225.jpg\" alt=\"\" width=\"300\" height=\"225\" srcset=\"https:\/\/www.imelasavoie.fr\/wp-content\/uploads\/2017\/09\/IMG_47161-300x225.jpg 300w, https:\/\/www.imelasavoie.fr\/wp-content\/uploads\/2017\/09\/IMG_47161-768x576.jpg 768w, https:\/\/www.imelasavoie.fr\/wp-content\/uploads\/2017\/09\/IMG_47161-1024x768.jpg 1024w\" sizes=\"auto, (max-width: 300px) 100vw, 300px\" \/><\/a><\/p>\n<p>&nbsp;<\/p>\n<p><a href=\"https:\/\/www.imelasavoie.fr\/wp-content\/uploads\/2017\/09\/IMG_47141.jpg\"><img loading=\"lazy\" decoding=\"async\" class=\"alignnone size-medium wp-image-9657\" src=\"https:\/\/www.imelasavoie.fr\/wp-content\/uploads\/2017\/09\/IMG_47141-300x225.jpg\" alt=\"\" width=\"300\" height=\"225\" srcset=\"https:\/\/www.imelasavoie.fr\/wp-content\/uploads\/2017\/09\/IMG_47141-300x225.jpg 300w, https:\/\/www.imelasavoie.fr\/wp-content\/uploads\/2017\/09\/IMG_47141-768x576.jpg 768w, https:\/\/www.imelasavoie.fr\/wp-content\/uploads\/2017\/09\/IMG_47141-1024x768.jpg 1024w\" sizes=\"auto, (max-width: 300px) 100vw, 300px\" \/><\/a><\/p>\n<p>&nbsp;<\/p>\n<p><a href=\"https:\/\/www.imelasavoie.fr\/wp-content\/uploads\/2017\/09\/IMG_47151.jpg\"><img loading=\"lazy\" decoding=\"async\" class=\"alignnone size-medium wp-image-9658\" src=\"https:\/\/www.imelasavoie.fr\/wp-content\/uploads\/2017\/09\/IMG_47151-300x225.jpg\" alt=\"\" width=\"300\" height=\"225\" srcset=\"https:\/\/www.imelasavoie.fr\/wp-content\/uploads\/2017\/09\/IMG_47151-300x225.jpg 300w, https:\/\/www.imelasavoie.fr\/wp-content\/uploads\/2017\/09\/IMG_47151-768x576.jpg 768w, https:\/\/www.imelasavoie.fr\/wp-content\/uploads\/2017\/09\/IMG_47151-1024x768.jpg 1024w\" sizes=\"auto, (max-width: 300px) 100vw, 300px\" \/><\/a><\/p>\n<p>&nbsp;<\/p>\n<p><a href=\"https:\/\/www.imelasavoie.fr\/wp-content\/uploads\/2017\/09\/IMG_47131.jpg\"><img loading=\"lazy\" decoding=\"async\" class=\"alignnone size-medium wp-image-9659\" src=\"https:\/\/www.imelasavoie.fr\/wp-content\/uploads\/2017\/09\/IMG_47131-300x225.jpg\" alt=\"\" width=\"300\" height=\"225\" srcset=\"https:\/\/www.imelasavoie.fr\/wp-content\/uploads\/2017\/09\/IMG_47131-300x225.jpg 300w, https:\/\/www.imelasavoie.fr\/wp-content\/uploads\/2017\/09\/IMG_47131-768x576.jpg 768w, https:\/\/www.imelasavoie.fr\/wp-content\/uploads\/2017\/09\/IMG_47131-1024x768.jpg 1024w\" sizes=\"auto, (max-width: 300px) 100vw, 300px\" \/><\/a><\/p>\n<p>&nbsp;<\/p>\n<p>&nbsp;<\/p>\n<p>&nbsp;<\/p>\n","protected":false},"excerpt":{"rendered":"<p>Aujourd&rsquo;hui, nous avons travaill\u00e9 sur le Graffiti. Le Graffiti est une inscription ou une peinture r\u00e9alis\u00e9e sur des murs, des monuments ou des objets parfois situ\u00e9s sur l&rsquo;espace public. Jeudi 14 septembre, avec Mr Duclos, nous avons commenc\u00e9 par apprendre &hellip; <a href=\"https:\/\/www.imelasavoie.fr\/?p=9653\">Continuer la lecture <span class=\"meta-nav\">&rarr;<\/span><\/a><\/p>\n","protected":false},"author":15,"featured_media":0,"comment_status":"open","ping_status":"closed","sticky":false,"template":"","format":"standard","meta":{"footnotes":""},"categories":[48,58],"tags":[],"class_list":["post-9653","post","type-post","status-publish","format-standard","hentry","category-actualites","category-mandela2"],"_links":{"self":[{"href":"https:\/\/www.imelasavoie.fr\/index.php?rest_route=\/wp\/v2\/posts\/9653","targetHints":{"allow":["GET"]}}],"collection":[{"href":"https:\/\/www.imelasavoie.fr\/index.php?rest_route=\/wp\/v2\/posts"}],"about":[{"href":"https:\/\/www.imelasavoie.fr\/index.php?rest_route=\/wp\/v2\/types\/post"}],"author":[{"embeddable":true,"href":"https:\/\/www.imelasavoie.fr\/index.php?rest_route=\/wp\/v2\/users\/15"}],"replies":[{"embeddable":true,"href":"https:\/\/www.imelasavoie.fr\/index.php?rest_route=%2Fwp%2Fv2%2Fcomments&post=9653"}],"version-history":[{"count":0,"href":"https:\/\/www.imelasavoie.fr\/index.php?rest_route=\/wp\/v2\/posts\/9653\/revisions"}],"wp:attachment":[{"href":"https:\/\/www.imelasavoie.fr\/index.php?rest_route=%2Fwp%2Fv2%2Fmedia&parent=9653"}],"wp:term":[{"taxonomy":"category","embeddable":true,"href":"https:\/\/www.imelasavoie.fr\/index.php?rest_route=%2Fwp%2Fv2%2Fcategories&post=9653"},{"taxonomy":"post_tag","embeddable":true,"href":"https:\/\/www.imelasavoie.fr\/index.php?rest_route=%2Fwp%2Fv2%2Ftags&post=9653"}],"curies":[{"name":"wp","href":"https:\/\/api.w.org\/{rel}","templated":true}]}}